{"id":112193,"date":"2025-05-29T10:00:12","date_gmt":"2025-05-29T08:00:12","guid":{"rendered":"https:\/\/girlscup.chev.lu\/?p=112193"},"modified":"2025-05-26T21:10:32","modified_gmt":"2025-05-26T19:10:32","slug":"flyer","status":"publish","type":"post","link":"https:\/\/girlscup.chev.lu\/de\/flyer\/","title":{"rendered":"Flyer"},"content":{"rendered":"<p id=\"tw-target-text\" class=\"tw-data-text tw-text-large tw-ta\" dir=\"ltr\" data-placeholder=\"\u00dcbersetzung\" aria-label=\"\u00dcbersetzter Text\" data-ved=\"2ahUKEwik69rg_IOGAxWWi_0HHeOHC5IQ3ewLegQIBRAT\"><span class=\"Y2IQFc\" lang=\"de\">Noch etwas mehr als eine Woche bis zum Girls\u2018 Cup in der Dikricher Sporthalle, wo unsere U16 M\u00e4dchen gegen interessante internationale Mannschaften spielen.<\/span><\/p>\n<p class=\"tw-data-text tw-text-large tw-ta\" dir=\"ltr\" data-placeholder=\"\u00dcbersetzung\" aria-label=\"\u00dcbersetzter Text\" data-ved=\"2ahUKEwik69rg_IOGAxWWi_0HHeOHC5IQ3ewLegQIBRAT\"><span class=\"Y2IQFc\" lang=\"de\">Ein gro\u00dfes DANKESCH\u00d6N an SAN Cr\u00e9ative Studio f\u00fcr die Fertigstellung unseres wundersch\u00f6nen Flyers, der derzeit in Diekrich und in den Nachbard\u00f6rfern von unseren Mitgliedern verteilt wird.<\/span><\/p>\n<p class=\"tw-data-text tw-text-large tw-ta\" dir=\"ltr\" data-placeholder=\"\u00dcbersetzung\" aria-label=\"\u00dcbersetzter Text\" data-ved=\"2ahUKEwik69rg_IOGAxWWi_0HHeOHC5IQ3ewLegQIBRAT\"><span class=\"Y2IQFc\" lang=\"de\">Ein gro\u00dfes DANKESCH\u00d6N auch unseren Hauptsponsor Immo Leo. DANKE allen Werbetreibenden und Spendern, ohne die wir dieses Jugendturnier nicht durchf\u00fchren k\u00f6nnten.<\/span><\/p>\n<p class=\"tw-data-text tw-text-large tw-ta\" dir=\"ltr\" data-placeholder=\"\u00dcbersetzung\" aria-label=\"\u00dcbersetzter Text\" data-ved=\"2ahUKEwik69rg_IOGAxWWi_0HHeOHC5IQ3ewLegQIBRAT\"><span class=\"Y2IQFc\" lang=\"de\">Wir bitten Sie bereits jetzt das Pfingstwochenende zu notieren und unsere Mannschaft in der Diekricher Sporthalle zu unterst\u00fctzen.<br \/>\n<\/span><\/p>\n","protected":false},"excerpt":{"rendered":"<p>Noch etwas mehr als eine Woche bis zum Girls\u2018 Cup in der Dikricher Sporthalle, wo unsere U16 M\u00e4dchen gegen interessante internationale Mannschaften spielen. Ein gro\u00dfes DANKESCH\u00d6N an SAN Cr\u00e9ative Studio f\u00fcr die Fertigstellung unseres wundersch\u00f6nen Flyers, der derzeit in Diekrich und in den Nachbard\u00f6rfern von unseren Mitgliedern verteilt wird. Ein gro\u00dfes DANKESCH\u00d6N auch unseren Hauptsponsor [&hellip;]<\/p>\n","protected":false},"author":2,"featured_media":113417,"comment_status":"closed","ping_status":"open","sticky":false,"template":"","format":"standard","meta":{"footnotes":""},"categories":[8],"tags":[],"acf":[],"yoast_head":"<!-- This site is optimized with the Yoast SEO plugin v22.6 - https:\/\/yoast.com\/wordpress\/plugins\/seo\/ -->\n<title>Flyer - Girls&#039; Cup - CHEV Handball Diekirch<\/title>\n<meta name=\"robots\" content=\"index, follow, max-snippet:-1, max-image-preview:large, max-video-preview:-1\" \/>\n<link rel=\"canonical\" href=\"https:\/\/girlscup.chev.lu\/de\/flyer\/\" \/>\n<meta property=\"og:locale\" content=\"de_DE\" \/>\n<meta property=\"og:type\" content=\"article\" \/>\n<meta property=\"og:title\" content=\"Flyer - Girls&#039; Cup - CHEV Handball Diekirch\" \/>\n<meta property=\"og:description\" content=\"Noch etwas mehr als eine Woche bis zum Girls\u2018 Cup in der Dikricher Sporthalle, wo unsere U16 M\u00e4dchen gegen interessante internationale Mannschaften spielen. Ein gro\u00dfes DANKESCH\u00d6N an SAN Cr\u00e9ative Studio f\u00fcr die Fertigstellung unseres wundersch\u00f6nen Flyers, der derzeit in Diekrich und in den Nachbard\u00f6rfern von unseren Mitgliedern verteilt wird. Ein gro\u00dfes DANKESCH\u00d6N auch unseren Hauptsponsor [&hellip;]\" \/>\n<meta property=\"og:url\" content=\"https:\/\/girlscup.chev.lu\/de\/flyer\/\" \/>\n<meta property=\"og:site_name\" content=\"Girls&#039; Cup - CHEV Handball Diekirch\" \/>\n<meta property=\"article:published_time\" content=\"2025-05-29T08:00:12+00:00\" \/>\n<meta property=\"article:modified_time\" content=\"2025-05-26T19:10:32+00:00\" \/>\n<meta property=\"og:image\" content=\"https:\/\/girlscup.chev.lu\/wp-content\/uploads\/2024\/05\/FLYER_PAGE_01-2-e1747945264896-1024x292.png\" \/>\n\t<meta property=\"og:image:width\" content=\"1024\" \/>\n\t<meta property=\"og:image:height\" content=\"292\" \/>\n\t<meta property=\"og:image:type\" content=\"image\/png\" \/>\n<meta name=\"author\" content=\"client\" \/>\n<meta name=\"twitter:card\" content=\"summary_large_image\" \/>\n<meta name=\"twitter:label1\" content=\"Verfasst von\" \/>\n\t<meta name=\"twitter:data1\" content=\"client\" \/>\n\t<meta name=\"twitter:label2\" content=\"Gesch\u00e4tzte Lesezeit\" \/>\n\t<meta name=\"twitter:data2\" content=\"1\u00a0Minute\" \/>\n<script type=\"application\/ld+json\" class=\"yoast-schema-graph\">{\"@context\":\"https:\/\/schema.org\",\"@graph\":[{\"@type\":\"WebPage\",\"@id\":\"https:\/\/girlscup.chev.lu\/de\/flyer\/\",\"url\":\"https:\/\/girlscup.chev.lu\/de\/flyer\/\",\"name\":\"Flyer - Girls&#039; Cup - CHEV Handball Diekirch\",\"isPartOf\":{\"@id\":\"https:\/\/girlscup.chev.lu\/#website\"},\"primaryImageOfPage\":{\"@id\":\"https:\/\/girlscup.chev.lu\/de\/flyer\/#primaryimage\"},\"image\":{\"@id\":\"https:\/\/girlscup.chev.lu\/de\/flyer\/#primaryimage\"},\"thumbnailUrl\":\"https:\/\/girlscup.chev.lu\/wp-content\/uploads\/2024\/05\/FLYER_PAGE_01-2-e1747945264896.png\",\"datePublished\":\"2025-05-29T08:00:12+00:00\",\"dateModified\":\"2025-05-26T19:10:32+00:00\",\"author\":{\"@id\":\"https:\/\/girlscup.chev.lu\/#\/schema\/person\/4eb73d4ff42c99a6ce9bc51ca0b3965d\"},\"breadcrumb\":{\"@id\":\"https:\/\/girlscup.chev.lu\/de\/flyer\/#breadcrumb\"},\"inLanguage\":\"de\",\"potentialAction\":[{\"@type\":\"ReadAction\",\"target\":[\"https:\/\/girlscup.chev.lu\/de\/flyer\/\"]}]},{\"@type\":\"ImageObject\",\"inLanguage\":\"de\",\"@id\":\"https:\/\/girlscup.chev.lu\/de\/flyer\/#primaryimage\",\"url\":\"https:\/\/girlscup.chev.lu\/wp-content\/uploads\/2024\/05\/FLYER_PAGE_01-2-e1747945264896.png\",\"contentUrl\":\"https:\/\/girlscup.chev.lu\/wp-content\/uploads\/2024\/05\/FLYER_PAGE_01-2-e1747945264896.png\",\"width\":2478,\"height\":707},{\"@type\":\"BreadcrumbList\",\"@id\":\"https:\/\/girlscup.chev.lu\/de\/flyer\/#breadcrumb\",\"itemListElement\":[{\"@type\":\"ListItem\",\"position\":1,\"name\":\"Home\",\"item\":\"https:\/\/girlscup.chev.lu\/de\/\"},{\"@type\":\"ListItem\",\"position\":2,\"name\":\"Flyer\"}]},{\"@type\":\"WebSite\",\"@id\":\"https:\/\/girlscup.chev.lu\/#website\",\"url\":\"https:\/\/girlscup.chev.lu\/\",\"name\":\"Girls&#039; Cup - CHEV Handball Diekirch\",\"description\":\"Just another WordPress site\",\"potentialAction\":[{\"@type\":\"SearchAction\",\"target\":{\"@type\":\"EntryPoint\",\"urlTemplate\":\"https:\/\/girlscup.chev.lu\/?s={search_term_string}\"},\"query-input\":\"required name=search_term_string\"}],\"inLanguage\":\"de\"},{\"@type\":\"Person\",\"@id\":\"https:\/\/girlscup.chev.lu\/#\/schema\/person\/4eb73d4ff42c99a6ce9bc51ca0b3965d\",\"name\":\"client\",\"image\":{\"@type\":\"ImageObject\",\"inLanguage\":\"de\",\"@id\":\"https:\/\/girlscup.chev.lu\/#\/schema\/person\/image\/\",\"url\":\"https:\/\/secure.gravatar.com\/avatar\/cc3dd6f10e68ce5b1f8c053f37bb2276?s=96&d=mm&r=g\",\"contentUrl\":\"https:\/\/secure.gravatar.com\/avatar\/cc3dd6f10e68ce5b1f8c053f37bb2276?s=96&d=mm&r=g\",\"caption\":\"client\"},\"url\":\"https:\/\/girlscup.chev.lu\/de\/author\/client\/\"}]}<\/script>\n<!-- \/ Yoast SEO plugin. -->","yoast_head_json":{"title":"Flyer - Girls&#039; Cup - CHEV Handball Diekirch","robots":{"index":"index","follow":"follow","max-snippet":"max-snippet:-1","max-image-preview":"max-image-preview:large","max-video-preview":"max-video-preview:-1"},"canonical":"https:\/\/girlscup.chev.lu\/de\/flyer\/","og_locale":"de_DE","og_type":"article","og_title":"Flyer - Girls&#039; Cup - CHEV Handball Diekirch","og_description":"Noch etwas mehr als eine Woche bis zum Girls\u2018 Cup in der Dikricher Sporthalle, wo unsere U16 M\u00e4dchen gegen interessante internationale Mannschaften spielen. Ein gro\u00dfes DANKESCH\u00d6N an SAN Cr\u00e9ative Studio f\u00fcr die Fertigstellung unseres wundersch\u00f6nen Flyers, der derzeit in Diekrich und in den Nachbard\u00f6rfern von unseren Mitgliedern verteilt wird. Ein gro\u00dfes DANKESCH\u00d6N auch unseren Hauptsponsor [&hellip;]","og_url":"https:\/\/girlscup.chev.lu\/de\/flyer\/","og_site_name":"Girls&#039; Cup - CHEV Handball Diekirch","article_published_time":"2025-05-29T08:00:12+00:00","article_modified_time":"2025-05-26T19:10:32+00:00","og_image":[{"width":1024,"height":292,"url":"https:\/\/girlscup.chev.lu\/wp-content\/uploads\/2024\/05\/FLYER_PAGE_01-2-e1747945264896-1024x292.png","type":"image\/png"}],"author":"client","twitter_card":"summary_large_image","twitter_misc":{"Verfasst von":"client","Gesch\u00e4tzte Lesezeit":"1\u00a0Minute"},"schema":{"@context":"https:\/\/schema.org","@graph":[{"@type":"WebPage","@id":"https:\/\/girlscup.chev.lu\/de\/flyer\/","url":"https:\/\/girlscup.chev.lu\/de\/flyer\/","name":"Flyer - Girls&#039; Cup - CHEV Handball Diekirch","isPartOf":{"@id":"https:\/\/girlscup.chev.lu\/#website"},"primaryImageOfPage":{"@id":"https:\/\/girlscup.chev.lu\/de\/flyer\/#primaryimage"},"image":{"@id":"https:\/\/girlscup.chev.lu\/de\/flyer\/#primaryimage"},"thumbnailUrl":"https:\/\/girlscup.chev.lu\/wp-content\/uploads\/2024\/05\/FLYER_PAGE_01-2-e1747945264896.png","datePublished":"2025-05-29T08:00:12+00:00","dateModified":"2025-05-26T19:10:32+00:00","author":{"@id":"https:\/\/girlscup.chev.lu\/#\/schema\/person\/4eb73d4ff42c99a6ce9bc51ca0b3965d"},"breadcrumb":{"@id":"https:\/\/girlscup.chev.lu\/de\/flyer\/#breadcrumb"},"inLanguage":"de","potentialAction":[{"@type":"ReadAction","target":["https:\/\/girlscup.chev.lu\/de\/flyer\/"]}]},{"@type":"ImageObject","inLanguage":"de","@id":"https:\/\/girlscup.chev.lu\/de\/flyer\/#primaryimage","url":"https:\/\/girlscup.chev.lu\/wp-content\/uploads\/2024\/05\/FLYER_PAGE_01-2-e1747945264896.png","contentUrl":"https:\/\/girlscup.chev.lu\/wp-content\/uploads\/2024\/05\/FLYER_PAGE_01-2-e1747945264896.png","width":2478,"height":707},{"@type":"BreadcrumbList","@id":"https:\/\/girlscup.chev.lu\/de\/flyer\/#breadcrumb","itemListElement":[{"@type":"ListItem","position":1,"name":"Home","item":"https:\/\/girlscup.chev.lu\/de\/"},{"@type":"ListItem","position":2,"name":"Flyer"}]},{"@type":"WebSite","@id":"https:\/\/girlscup.chev.lu\/#website","url":"https:\/\/girlscup.chev.lu\/","name":"Girls&#039; Cup - CHEV Handball Diekirch","description":"Just another WordPress site","potentialAction":[{"@type":"SearchAction","target":{"@type":"EntryPoint","urlTemplate":"https:\/\/girlscup.chev.lu\/?s={search_term_string}"},"query-input":"required name=search_term_string"}],"inLanguage":"de"},{"@type":"Person","@id":"https:\/\/girlscup.chev.lu\/#\/schema\/person\/4eb73d4ff42c99a6ce9bc51ca0b3965d","name":"client","image":{"@type":"ImageObject","inLanguage":"de","@id":"https:\/\/girlscup.chev.lu\/#\/schema\/person\/image\/","url":"https:\/\/secure.gravatar.com\/avatar\/cc3dd6f10e68ce5b1f8c053f37bb2276?s=96&d=mm&r=g","contentUrl":"https:\/\/secure.gravatar.com\/avatar\/cc3dd6f10e68ce5b1f8c053f37bb2276?s=96&d=mm&r=g","caption":"client"},"url":"https:\/\/girlscup.chev.lu\/de\/author\/client\/"}]}},"_links":{"self":[{"href":"https:\/\/girlscup.chev.lu\/de\/wp-json\/wp\/v2\/posts\/112193"}],"collection":[{"href":"https:\/\/girlscup.chev.lu\/de\/wp-json\/wp\/v2\/posts"}],"about":[{"href":"https:\/\/girlscup.chev.lu\/de\/wp-json\/wp\/v2\/types\/post"}],"author":[{"embeddable":true,"href":"https:\/\/girlscup.chev.lu\/de\/wp-json\/wp\/v2\/users\/2"}],"replies":[{"embeddable":true,"href":"https:\/\/girlscup.chev.lu\/de\/wp-json\/wp\/v2\/comments?post=112193"}],"version-history":[{"count":9,"href":"https:\/\/girlscup.chev.lu\/de\/wp-json\/wp\/v2\/posts\/112193\/revisions"}],"predecessor-version":[{"id":113438,"href":"https:\/\/girlscup.chev.lu\/de\/wp-json\/wp\/v2\/posts\/112193\/revisions\/113438"}],"wp:featuredmedia":[{"embeddable":true,"href":"https:\/\/girlscup.chev.lu\/de\/wp-json\/wp\/v2\/media\/113417"}],"wp:attachment":[{"href":"https:\/\/girlscup.chev.lu\/de\/wp-json\/wp\/v2\/media?parent=112193"}],"wp:term":[{"taxonomy":"category","embeddable":true,"href":"https:\/\/girlscup.chev.lu\/de\/wp-json\/wp\/v2\/categories?post=112193"},{"taxonomy":"post_tag","embeddable":true,"href":"https:\/\/girlscup.chev.lu\/de\/wp-json\/wp\/v2\/tags?post=112193"}],"curies":[{"name":"wp","href":"https:\/\/api.w.org\/{rel}","templated":true}]}}